{"id":18290,"date":"2023-04-28T12:05:24","date_gmt":"2023-04-28T15:05:24","guid":{"rendered":"https:\/\/cba-design.com\/latam\/?p=18290"},"modified":"2024-06-10T17:09:49","modified_gmt":"2024-06-10T20:09:49","slug":"insights-remote-first","status":"publish","type":"post","link":"https:\/\/cba-design.com\/latam\/insights-remote-first\/","title":{"rendered":"Somos remote first"},"content":{"rendered":"\t\t<div data-elementor-type=\"wp-post\" data-elementor-id=\"18290\" class=\"elementor elementor-18290\" data-elementor-post-type=\"post\">\n\t\t\t\t\t\t<section class=\"elementor-section elementor-top-section elementor-element elementor-element-cd0e96e elementor-section-boxed elementor-section-height-default elementor-section-height-default\" data-id=\"cd0e96e\" data-element_type=\"section\" data-e-type=\"section\">\n\t\t\t\t\t\t<div class=\"elementor-container elementor-column-gap-default\">\n\t\t\t\t\t<div class=\"elementor-column elementor-col-100 elementor-top-column elementor-element elementor-element-93a38fb\" data-id=\"93a38fb\" data-element_type=\"column\" data-e-type=\"column\">\n\t\t\t<div class=\"elementor-widget-wrap elementor-element-populated\">\n\t\t\t\t\t\t<div class=\"elementor-element elementor-element-b3a9832 elementor-widget elementor-widget-text-editor\" data-id=\"b3a9832\" data-element_type=\"widget\" data-e-type=\"widget\" data-widget_type=\"text-editor.default\">\n\t\t\t\t<div class=\"elementor-widget-container\">\n\t\t\t\t\t\t\t\t\t<p>Desde agosto de 2021, a CBA B+G est\u00e1 oficialmente remote first. Enquanto muitas empresas est\u00e3o querendo voltar ao presencial, acreditamos firmemente que o futuro das organiza\u00e7\u00f5es bem-sucedidas est\u00e1 na ado\u00e7\u00e3o do modelo essencialmente remoto e na sua capacidade de se adaptar a processos digitais inerentes a essa escolha.\u00a0\u00a0<\/p>\t\t\t\t\t\t\t\t<\/div>\n\t\t\t\t<\/div>\n\t\t\t\t\t<\/div>\n\t\t<\/div>\n\t\t\t\t\t<\/div>\n\t\t<\/section>\n\t\t\t\t<section class=\"elementor-section elementor-top-section elementor-element elementor-element-dc569fd elementor-section-boxed elementor-section-height-default elementor-section-height-default\" data-id=\"dc569fd\" data-element_type=\"section\" data-e-type=\"section\">\n\t\t\t\t\t\t<div class=\"elementor-container elementor-column-gap-default\">\n\t\t\t\t\t<div class=\"elementor-column elementor-col-100 elementor-top-column elementor-element elementor-element-33fe1fe\" data-id=\"33fe1fe\" data-element_type=\"column\" data-e-type=\"column\">\n\t\t\t<div class=\"elementor-widget-wrap elementor-element-populated\">\n\t\t\t\t\t\t<div class=\"elementor-element elementor-element-f8e23e2 elementor-widget elementor-widget-image\" data-id=\"f8e23e2\" data-element_type=\"widget\" data-e-type=\"widget\" data-widget_type=\"image.default\">\n\t\t\t\t<div class=\"elementor-widget-container\">\n\t\t\t\t\t\t\t\t\t\t\t\t\t\t\t<img fetchpriority=\"high\" decoding=\"async\" width=\"1400\" height=\"467\" src=\"https:\/\/cba-design.com\/latam\/wp-content\/uploads\/sites\/4\/2023\/04\/CBABG-Insight-RemoteFirst-IMG-02-1400x467.jpg\" class=\"attachment-large size-large wp-image-18382\" alt=\"remote-first\" srcset=\"https:\/\/cba-design.com\/latam\/wp-content\/uploads\/sites\/4\/2023\/04\/CBABG-Insight-RemoteFirst-IMG-02-1400x467.jpg 1400w, https:\/\/cba-design.com\/latam\/wp-content\/uploads\/sites\/4\/2023\/04\/CBABG-Insight-RemoteFirst-IMG-02-1120x373.jpg 1120w, https:\/\/cba-design.com\/latam\/wp-content\/uploads\/sites\/4\/2023\/04\/CBABG-Insight-RemoteFirst-IMG-02-520x173.jpg 520w, https:\/\/cba-design.com\/latam\/wp-content\/uploads\/sites\/4\/2023\/04\/CBABG-Insight-RemoteFirst-IMG-02-768x256.jpg 768w, https:\/\/cba-design.com\/latam\/wp-content\/uploads\/sites\/4\/2023\/04\/CBABG-Insight-RemoteFirst-IMG-02-1536x512.jpg 1536w, https:\/\/cba-design.com\/latam\/wp-content\/uploads\/sites\/4\/2023\/04\/CBABG-Insight-RemoteFirst-IMG-02.jpg 1920w\" sizes=\"(max-width: 1400px) 100vw, 1400px\" title=\"\">\t\t\t\t\t\t\t\t\t\t\t\t\t\t\t<\/div>\n\t\t\t\t<\/div>\n\t\t\t\t\t<\/div>\n\t\t<\/div>\n\t\t\t\t\t<\/div>\n\t\t<\/section>\n\t\t\t\t<section class=\"elementor-section elementor-top-section elementor-element elementor-element-6e7ba86 elementor-section-boxed elementor-section-height-default elementor-section-height-default\" data-id=\"6e7ba86\" data-element_type=\"section\" data-e-type=\"section\">\n\t\t\t\t\t\t<div class=\"elementor-container elementor-column-gap-default\">\n\t\t\t\t\t<div class=\"elementor-column elementor-col-100 elementor-top-column elementor-element elementor-element-157d223\" data-id=\"157d223\" data-element_type=\"column\" data-e-type=\"column\">\n\t\t\t<div class=\"elementor-widget-wrap elementor-element-populated\">\n\t\t\t\t\t\t<div class=\"elementor-element elementor-element-136fefa elementor-widget elementor-widget-heading\" data-id=\"136fefa\" data-element_type=\"widget\" data-e-type=\"widget\" data-widget_type=\"heading.default\">\n\t\t\t\t<div class=\"elementor-widget-container\">\n\t\t\t\t\t<h3 class=\"elementor-heading-title elementor-size-default\">\"N\u00e3o est\u00e1vamos preparados para o modelo remoto.\"<\/h3>\t\t\t\t<\/div>\n\t\t\t\t<\/div>\n\t\t\t\t<div class=\"elementor-element elementor-element-dc296f4 elementor-widget elementor-widget-text-editor\" data-id=\"dc296f4\" data-element_type=\"widget\" data-e-type=\"widget\" data-widget_type=\"text-editor.default\">\n\t\t\t\t<div class=\"elementor-widget-container\">\n\t\t\t\t\t\t\t\t\t<p>Desde 2008, a CBA B+G esteva instalada em um antigo galp\u00e3o na rua \u00c1lvaro Rodrigues, Brooklin, em S\u00e3o Paulo. O lugar era a nossa cara: um espa\u00e7o convidativo para o trabalho em equipe, repleto de \u00e1reas verdes e ambientes desenhados para a colabora\u00e7\u00e3o, cocria\u00e7\u00e3o e prototipagem. T\u00ednhamos conseguido criar, ao longo dos anos, um ambiente muito especial, querido e desejado por todos que passaram por l\u00e1, entre colaboradores, clientes e parceiros de neg\u00f3cio.\u00a0\u00a0<\/p><p>Em mar\u00e7o de 2020, a pandemia desembarcou no Brasil. Como tantas outras empresas, tivemos de nos adaptar \u00e0 urg\u00eancia do trabalho remoto para manter a seguran\u00e7a de cada um dos ent\u00e3o oitenta colaboradores e funcion\u00e1rios. N\u00e3o foi f\u00e1cil, n\u00e3o est\u00e1vamos preparados. Quase nada estava nas nuvens, \u00e9ramos dependentes de um servidor local e de instrumentos de trabalho f\u00edsicos, pesados e imut\u00e1veis. Muitos designers e profissionais da \u00e1rea da produ\u00e7\u00e3o tiveram de levar suas m\u00e1quinas, em sua maioria desktops, para suas casas na pressa. Junto a cadeiras, adaptadores ergom\u00e9tricos, monitores e itens pessoais na bagagem, al\u00e9m do pesadelo da log\u00edstica, sair do nosso confort\u00e1vel e apaixonante galp\u00e3o de forma t\u00e3o abrupta foi como se tivessem arrancado parte da nossa identidade como CBA B+G.\u00a0 \u2028\u00a0<\/p><p>\u2028Entramos em 2021 ainda com muitas restri\u00e7\u00f5es ao conv\u00edvio social, e assim seguimos for\u00e7osamente com o modelo remoto. Come\u00e7amos a observar empresas em todo o mundo e de todos os tamanhos adotarem de forma permanente o modelo h\u00edbrido ou remoto. Nos demos conta de que existia a\u00ed um caminho sem volta. Mesmo com o fim da pandemia, a forma de pensar o trabalho e a produtividade dentro das organiza\u00e7\u00f5es nunca mais seria a mesma. Com isso, decidimos adotar o modelo remote first e nos despedir do espa\u00e7o que ocup\u00e1vamos, entendendo que, de todos os cen\u00e1rios, o f\u00edsico n\u00e3o tinha mais ader\u00eancia \u00e0 nova realidade das rela\u00e7\u00f5es de trabalho, e o h\u00edbrido seria uma potencial combina\u00e7\u00e3o do pior de dois mundos e, sendo d\u00fabio, impediria a virada cultural de que tanto precis\u00e1vamos. N\u00e3o foi uma decis\u00e3o f\u00e1cil, mas tenho a convic\u00e7\u00e3o de que fizemos a escolha acertada, escolha esta que contribuiu para garantir a perenidade e o sucesso da nossa organiza\u00e7\u00e3o no longo-prazo.\u00a0<\/p>\t\t\t\t\t\t\t\t<\/div>\n\t\t\t\t<\/div>\n\t\t\t\t\t<\/div>\n\t\t<\/div>\n\t\t\t\t\t<\/div>\n\t\t<\/section>\n\t\t\t\t<section class=\"elementor-section elementor-top-section elementor-element elementor-element-da9e55d elementor-section-boxed elementor-section-height-default elementor-section-height-default\" data-id=\"da9e55d\" data-element_type=\"section\" data-e-type=\"section\">\n\t\t\t\t\t\t<div class=\"elementor-container elementor-column-gap-default\">\n\t\t\t\t\t<div class=\"elementor-column elementor-col-100 elementor-top-column elementor-element elementor-element-af072c0\" data-id=\"af072c0\" data-element_type=\"column\" data-e-type=\"column\">\n\t\t\t<div class=\"elementor-widget-wrap elementor-element-populated\">\n\t\t\t\t\t\t<div class=\"elementor-element elementor-element-430889d elementor-widget elementor-widget-heading\" data-id=\"430889d\" data-element_type=\"widget\" data-e-type=\"widget\" data-widget_type=\"heading.default\">\n\t\t\t\t<div class=\"elementor-widget-container\">\n\t\t\t\t\t<h3 class=\"elementor-heading-title elementor-size-default\">\"Ser remote first imp\u00f5e rever m\u00e9tricas, comportamentos, comunica\u00e7\u00e3o e modelos mentais.\"<\/h3>\t\t\t\t<\/div>\n\t\t\t\t<\/div>\n\t\t\t\t<div class=\"elementor-element elementor-element-5c5d805 elementor-widget elementor-widget-text-editor\" data-id=\"5c5d805\" data-element_type=\"widget\" data-e-type=\"widget\" data-widget_type=\"text-editor.default\">\n\t\t\t\t<div class=\"elementor-widget-container\">\n\t\t\t\t\t\t\t\t\t<p>A cultura remote first n\u00e3o acontece da noite para o dia. Ela precisa ser constru\u00edda. Em poucos meses, tivemos de montar um escrit\u00f3rio na nuvem, adquirir novos h\u00e1bitos e ferramentas de comunica\u00e7\u00e3o em um ambiente remoto, adquirir habilidades de gest\u00e3o de projeto a dist\u00e2ncia e criar conex\u00e3o e confian\u00e7a sem o espa\u00e7o f\u00edsico. Para colocar isso em pr\u00e1tica, foi necess\u00e1rio rever nossas m\u00e9tricas, nossos comportamentos, nossa comunica\u00e7\u00e3o e nossos modelos mentais.<\/p><ul><li><b>Mudar m\u00e9tricas<\/b>: Nossa cultura empresarial sempre nos ensinou a usar o tempo como KPI de resultado e de produtividade. Mas a verdade \u00e9 que poucos funcion\u00e1rios trabalham 8h\u202fou 9h por dia. Temos que investir energia focando nos resultados que queremos alcan\u00e7ar, e menos no tempo.\u00a0<\/li><li><b>Mudar comportamentos<\/b>: Temos que instigar comportamentos mais proativos, para favorecer transpar\u00eancia, acessibilidade e compartilhamento de informa\u00e7\u00f5es atualizadas e contextualizadas. Entendendo que a colabora\u00e7\u00e3o n\u00e3o se d\u00e1 apenas por meio de cocria\u00e7\u00e3o, mas que a documenta\u00e7\u00e3o \u00e9 a base de um ecossistema colaborativo.<\/li><li><b>Mudar a comunica\u00e7\u00e3o<\/b>: O modelo remote first sugere que toda comunica\u00e7\u00e3o deve, sempre que poss\u00edvel, ser feita de forma ass\u00edncrona (chats, f\u00f3runs de discuss\u00e3o, v\u00eddeos e e-mails), respeitando o tempo de cada um. A assincronia eficiente evita interrup\u00e7\u00f5es, e momentos de urg\u00eancia ficam cada vez mais raros.\u202fAl\u00e9m disso, a documenta\u00e7\u00e3o, base do ass\u00edncrono, \u00e9 libertadora e permite acessibilidade sobre as discuss\u00f5es para todos, criando hist\u00f3rico e uma intelig\u00eancia resgat\u00e1vel para o uso atual e futuro, permitindo a contextualiza\u00e7\u00e3o de novas pessoas a qualquer momento e substituindo o monop\u00f3lio da informa\u00e7\u00e3o individualizada pela ideia do legado compartilhado da informa\u00e7\u00e3o.\u00a0<\/li><li><b>Mudar o modelo mental<\/b>: a mentalidade remote first \u00e9 baseada na ideia de ter\u202finforma\u00e7\u00e3o a qualquer momento, em qualquer lugar e de forma transparente. Considerando-se o mesmo n\u00edvel de governan\u00e7a, as decis\u00f5es n\u00e3o poder\u00e3o ser tomadas sem a participa\u00e7\u00e3o ou ci\u00eancia de todos.\u202fE n\u00e3o poder\u00e1 haver mais favoritismo em rela\u00e7\u00e3o aos que est\u00e3o presenciais ou em discuss\u00f5es sincr\u00f4nica, como videoconfer\u00eancias, sem que a pauta e as decis\u00f5es sejam compartilhadas aos seus pares. \u2028<\/li><\/ul>\t\t\t\t\t\t\t\t<\/div>\n\t\t\t\t<\/div>\n\t\t\t\t\t<\/div>\n\t\t<\/div>\n\t\t\t\t\t<\/div>\n\t\t<\/section>\n\t\t\t\t<section class=\"elementor-section elementor-top-section elementor-element elementor-element-7c9447c elementor-section-boxed elementor-section-height-default elementor-section-height-default\" data-id=\"7c9447c\" data-element_type=\"section\" data-e-type=\"section\">\n\t\t\t\t\t\t<div class=\"elementor-container elementor-column-gap-default\">\n\t\t\t\t\t<div class=\"elementor-column elementor-col-100 elementor-top-column elementor-element elementor-element-3ba5aa4\" data-id=\"3ba5aa4\" data-element_type=\"column\" data-e-type=\"column\">\n\t\t\t<div class=\"elementor-widget-wrap elementor-element-populated\">\n\t\t\t\t\t\t<div class=\"elementor-element elementor-element-fd08821 elementor-widget elementor-widget-heading\" data-id=\"fd08821\" data-element_type=\"widget\" data-e-type=\"widget\" data-widget_type=\"heading.default\">\n\t\t\t\t<div class=\"elementor-widget-container\">\n\t\t\t\t\t<h2 class=\"elementor-heading-title elementor-size-default\">O maior desafio cultural: como manter viva a conex\u00e3o emocional entre as pessoas&nbsp;<\/h2>\t\t\t\t<\/div>\n\t\t\t\t<\/div>\n\t\t\t\t<div class=\"elementor-element elementor-element-9c9cf7b elementor-widget elementor-widget-text-editor\" data-id=\"9c9cf7b\" data-element_type=\"widget\" data-e-type=\"widget\" data-widget_type=\"text-editor.default\">\n\t\t\t\t<div class=\"elementor-widget-container\">\n\t\t\t\t\t\t\t\t\t<p>Al\u00e9m dos desafios estruturantes, enfrentamos um desafio cultural ainda maior. Por mais que um grupo de pessoas trabalhe muito bem de forma remota, sente falta de se encontrar fora das reuni\u00f5es, de se esbarrar na copa, de tomar um caf\u00e9 juntos, de cantar parab\u00e9ns para o colega. Isso \u00e9 inevit\u00e1vel e humano. Entendemos a import\u00e2ncia de manter viva e alimentar esse tipo de conex\u00e3o entre as pessoas, e por isso criamos nossos Get Together, eventos presenciais a cada tr\u00eas meses, onde o foco \u00e9 \u00e9 a troca entre as pessoas. Al\u00e9m disso, ao criarmos uma \u00e1rea forte de Cultura e Pessoas e refor\u00e7armos a de Comunica\u00e7\u00e3o, potencializamos a escuta e aumentamos a frequ\u00eancia e a qualidade de conte\u00fados voltados ao p\u00fablico interno. Para incentivar os encontros entre times que est\u00e3o na mesma cidade, disponibilizamos tamb\u00e9m o benef\u00edcio de uma rede de coworkings com mais de 1600 espa\u00e7os de trabalho espalhados por todo o Brasil.\u00a0 \u2028<\/p>\t\t\t\t\t\t\t\t<\/div>\n\t\t\t\t<\/div>\n\t\t\t\t\t<\/div>\n\t\t<\/div>\n\t\t\t\t\t<\/div>\n\t\t<\/section>\n\t\t\t\t<section class=\"elementor-section elementor-top-section elementor-element elementor-element-f440eb9 elementor-section-boxed elementor-section-height-default elementor-section-height-default\" data-id=\"f440eb9\" data-element_type=\"section\" data-e-type=\"section\">\n\t\t\t\t\t\t<div class=\"elementor-container elementor-column-gap-default\">\n\t\t\t\t\t<div class=\"elementor-column elementor-col-100 elementor-top-column elementor-element elementor-element-e5b25e1\" data-id=\"e5b25e1\" data-element_type=\"column\" data-e-type=\"column\">\n\t\t\t<div class=\"elementor-widget-wrap elementor-element-populated\">\n\t\t\t\t\t\t<div class=\"elementor-element elementor-element-5dcff49 elementor-widget elementor-widget-image\" data-id=\"5dcff49\" data-element_type=\"widget\" data-e-type=\"widget\" data-widget_type=\"image.default\">\n\t\t\t\t<div class=\"elementor-widget-container\">\n\t\t\t\t\t\t\t\t\t\t\t\t\t\t\t<img decoding=\"async\" width=\"1400\" height=\"788\" src=\"https:\/\/cba-design.com\/latam\/wp-content\/uploads\/sites\/4\/2023\/04\/CBABG-Insight-RemoteFirst-IMG-03-1400x788.jpg\" class=\"attachment-large size-large wp-image-18396\" alt=\"remote-first\" srcset=\"https:\/\/cba-design.com\/latam\/wp-content\/uploads\/sites\/4\/2023\/04\/CBABG-Insight-RemoteFirst-IMG-03-1400x788.jpg 1400w, https:\/\/cba-design.com\/latam\/wp-content\/uploads\/sites\/4\/2023\/04\/CBABG-Insight-RemoteFirst-IMG-03-1120x630.jpg 1120w, https:\/\/cba-design.com\/latam\/wp-content\/uploads\/sites\/4\/2023\/04\/CBABG-Insight-RemoteFirst-IMG-03-520x293.jpg 520w, https:\/\/cba-design.com\/latam\/wp-content\/uploads\/sites\/4\/2023\/04\/CBABG-Insight-RemoteFirst-IMG-03-768x432.jpg 768w, https:\/\/cba-design.com\/latam\/wp-content\/uploads\/sites\/4\/2023\/04\/CBABG-Insight-RemoteFirst-IMG-03-1536x864.jpg 1536w, https:\/\/cba-design.com\/latam\/wp-content\/uploads\/sites\/4\/2023\/04\/CBABG-Insight-RemoteFirst-IMG-03.jpg 1920w\" sizes=\"(max-width: 1400px) 100vw, 1400px\" title=\"\">\t\t\t\t\t\t\t\t\t\t\t\t\t\t\t<\/div>\n\t\t\t\t<\/div>\n\t\t\t\t\t<\/div>\n\t\t<\/div>\n\t\t\t\t\t<\/div>\n\t\t<\/section>\n\t\t\t\t<section class=\"elementor-section elementor-top-section elementor-element elementor-element-2d6c758 elementor-section-boxed elementor-section-height-default elementor-section-height-default\" data-id=\"2d6c758\" data-element_type=\"section\" data-e-type=\"section\">\n\t\t\t\t\t\t<div class=\"elementor-container elementor-column-gap-default\">\n\t\t\t\t\t<div class=\"elementor-column elementor-col-100 elementor-top-column elementor-element elementor-element-2a52820\" data-id=\"2a52820\" data-element_type=\"column\" data-e-type=\"column\">\n\t\t\t<div class=\"elementor-widget-wrap elementor-element-populated\">\n\t\t\t\t\t\t<div class=\"elementor-element elementor-element-f1759aa elementor-widget elementor-widget-heading\" data-id=\"f1759aa\" data-element_type=\"widget\" data-e-type=\"widget\" data-widget_type=\"heading.default\">\n\t\t\t\t<div class=\"elementor-widget-container\">\n\t\t\t\t\t<h2 class=\"elementor-heading-title elementor-size-default\">As vantagens do modelo remote first&nbsp;<\/h2>\t\t\t\t<\/div>\n\t\t\t\t<\/div>\n\t\t\t\t<div class=\"elementor-element elementor-element-dc9471b elementor-widget elementor-widget-text-editor\" data-id=\"dc9471b\" data-element_type=\"widget\" data-e-type=\"widget\" data-widget_type=\"text-editor.default\">\n\t\t\t\t<div class=\"elementor-widget-container\">\n\t\t\t\t\t\t\t\t\t<p>Em poucos anos, nosso way-of-working evoluiu em dois anos o equivalente a uma d\u00e9cada. Hoje, vejo como principais mudan\u00e7as positivas:\u00a0\u00a0<\/p><ol><li><b>Maior qualidade produtiva<\/b>: dados de nossas pesquisas internas indicam que nossos colaboradores s\u00e3o mais produtivos trabalhando remotamente, em parte porque t\u00eam mais controle sobre seu ambiente de trabalho e podem evitar distra\u00e7\u00f5es. Al\u00e9m disso, trabalhando nas nuvens e com ferramentas digitais adequadas, todos ganham tempo na gest\u00e3o dos projetos e da informa\u00e7\u00e3o.<\/li><li><b>Maior capacidade de adapta\u00e7\u00e3o e inclus\u00e3o<\/b>: hoje, nos adaptamos \u00e0s necessidades e aos perfis de clientes, e conseguimos organizar e facilitar um workshop de cocria\u00e7\u00e3o ou um painel de consumidores tanto online como de forma presencial, mas sempre com a mentalidade remote first: documentando tudo nas nuvens e dando o mesmo n\u00edvel de acesso \u00e0 informa\u00e7\u00e3o e aten\u00e7\u00e3o para quem est\u00e1 presente sincronicamente, online ou fisicamente, ou assincronicamente aos que n\u00e3o estiverem.<\/li><li><b>Maior flexibilidade, qualidade de vida e economia<\/b>: os funcion\u00e1rios que trabalham remotamente podem ter mais controle sobre seu hor\u00e1rio de trabalho e equilibrar melhor suas responsabilidades profissionais e pessoais. \u00c0s vezes, podem ganhar at\u00e9 quatro horas por dia que teriam sido perdidas no tr\u00e2nsito, e ainda economizam em transporte, alimenta\u00e7\u00e3o e outros gastos relacionados ao trabalho.<\/li><li><b>Maior diversidade<\/b>: o trabalho remoto nos permitiu abrir a contrata\u00e7\u00e3o para todo o territ\u00f3rio nacional; de S\u00e3o Paulo a Manaus, passando por Bras\u00edlia, Rio de Janeiro e Salvador, os CBA B+Gs est\u00e3o cada vez mais espalhados pelo pa\u00eds, garantindo maior diversidade e inclus\u00e3o.<\/li><li><b>Menor impacto ambiental<\/b>: o trabalho remoto reduziu a necessidade de viagens e deslocamentos, o que nos ajudou a reduzir a emiss\u00e3o de gases de efeito estufa e outros impactos ambientais negativos, e, portanto, a cumprir com nossas metas ESG at\u00e9 2030.\u00a0<\/li><\/ol><p>Sinto orgulho e convic\u00e7\u00e3o sobre a escolha do modelo operacional que fizemos. A CBA B+G de hoje \u00e9 mais \u00e1gil, mais diversa e mais coletiva do que nunca, e ainda temos um imenso potencial de melhora compartilhada \u00e0 frente.\u00a0<a href=\"https:\/\/cba-design.com\/latam\/vagas\/\" target=\"_blank\" rel=\"noopener\">Quer se juntar a n\u00f3s<\/a>? Ou se quiser trabalhar conosco em um projeto, <a href=\"https:\/\/cba-design.com\/latam\/contato\/form-contato\/\" target=\"_blank\" rel=\"noopener\">entre em contato<\/a>.<\/p><p><b>_<br \/>Luis Bartolomei<\/b><\/p>\t\t\t\t\t\t\t\t<\/div>\n\t\t\t\t<\/div>\n\t\t\t\t\t<\/div>\n\t\t<\/div>\n\t\t\t\t\t<\/div>\n\t\t<\/section>\n\t\t\t\t<\/div>\n\t\t","protected":false},"excerpt":{"rendered":"<p>Desde agosto de 2021, a CBA B+G est\u00e1 oficialmente remote first. Enquanto muitas empresas est\u00e3o querendo voltar ao presencial, acreditamos firmemente que o futuro das organiza\u00e7\u00f5es bem-sucedidas est\u00e1 na ado\u00e7\u00e3o do modelo essencialmente remoto e na sua capacidade de se adaptar a processos digitais inerentes a essa escolha.\u00a0\u00a0 &#8220;N\u00e3o est\u00e1vamos preparados para o modelo remoto.&#8221; [&hellip;]<\/p>\n","protected":false},"author":13,"featured_media":0,"comment_status":"closed","ping_status":"closed","sticky":false,"template":"","format":"standard","meta":{"_acf_changed":false,"footnotes":""},"tags":[],"blog_categorie":[469],"class_list":["post-18290","post","type-post","status-publish","format-standard","hentry","blog_categorie-insights"],"acf":[],"lang":"pt","translations":{"pt":18290,"en":18303,"es":18320},"pll_sync_post":[],"_links":{"self":[{"href":"https:\/\/cba-design.com\/latam\/wp-json\/wp\/v2\/posts\/18290","targetHints":{"allow":["GET"]}}],"collection":[{"href":"https:\/\/cba-design.com\/latam\/wp-json\/wp\/v2\/posts"}],"about":[{"href":"https:\/\/cba-design.com\/latam\/wp-json\/wp\/v2\/types\/post"}],"author":[{"embeddable":true,"href":"https:\/\/cba-design.com\/latam\/wp-json\/wp\/v2\/users\/13"}],"replies":[{"embeddable":true,"href":"https:\/\/cba-design.com\/latam\/wp-json\/wp\/v2\/comments?post=18290"}],"version-history":[{"count":3,"href":"https:\/\/cba-design.com\/latam\/wp-json\/wp\/v2\/posts\/18290\/revisions"}],"predecessor-version":[{"id":22083,"href":"https:\/\/cba-design.com\/latam\/wp-json\/wp\/v2\/posts\/18290\/revisions\/22083"}],"wp:attachment":[{"href":"https:\/\/cba-design.com\/latam\/wp-json\/wp\/v2\/media?parent=18290"}],"wp:term":[{"taxonomy":"post_tag","embeddable":true,"href":"https:\/\/cba-design.com\/latam\/wp-json\/wp\/v2\/tags?post=18290"},{"taxonomy":"blog_categorie","embeddable":true,"href":"https:\/\/cba-design.com\/latam\/wp-json\/wp\/v2\/blog_categorie?post=18290"}],"curies":[{"name":"wp","href":"https:\/\/api.w.org\/{rel}","templated":true}]}}