{"id":18320,"date":"2023-04-28T12:08:03","date_gmt":"2023-04-28T15:08:03","guid":{"rendered":"https:\/\/cba-design.com\/latam\/?p=18320"},"modified":"2024-06-10T17:08:30","modified_gmt":"2024-06-10T20:08:30","slug":"insights-remote-first","status":"publish","type":"post","link":"https:\/\/cba-design.com\/latam\/es\/insights-remote-first\/","title":{"rendered":"Somos remote first"},"content":{"rendered":"\t\t<div data-elementor-type=\"wp-post\" data-elementor-id=\"18320\" class=\"elementor elementor-18320\" data-elementor-post-type=\"post\">\n\t\t\t\t\t\t<section class=\"elementor-section elementor-top-section elementor-element elementor-element-cd0e96e elementor-section-boxed elementor-section-height-default elementor-section-height-default\" data-id=\"cd0e96e\" data-element_type=\"section\" data-e-type=\"section\">\n\t\t\t\t\t\t<div class=\"elementor-container elementor-column-gap-default\">\n\t\t\t\t\t<div class=\"elementor-column elementor-col-100 elementor-top-column elementor-element elementor-element-93a38fb\" data-id=\"93a38fb\" data-element_type=\"column\" data-e-type=\"column\">\n\t\t\t<div class=\"elementor-widget-wrap elementor-element-populated\">\n\t\t\t\t\t\t<div class=\"elementor-element elementor-element-b3a9832 elementor-widget elementor-widget-text-editor\" data-id=\"b3a9832\" data-element_type=\"widget\" data-e-type=\"widget\" data-widget_type=\"text-editor.default\">\n\t\t\t\t<div class=\"elementor-widget-container\">\n\t\t\t\t\t\t\t\t\t<p>Desde agosto de 2021, en CBA B+G somos oficialmente remote first. Mientras muchas empresas est\u00e1n queriendo volver a lo presencial, creemos firmemente que el futuro de las organizaciones exitosas est\u00e1 en adoptar el modelo esencialmente remoto y en su capacidad de adaptarse a los procesos digitales inherentes a esa elecci\u00f3n.<\/p>\t\t\t\t\t\t\t\t<\/div>\n\t\t\t\t<\/div>\n\t\t\t\t\t<\/div>\n\t\t<\/div>\n\t\t\t\t\t<\/div>\n\t\t<\/section>\n\t\t\t\t<section class=\"elementor-section elementor-top-section elementor-element elementor-element-a30aef7 elementor-section-boxed elementor-section-height-default elementor-section-height-default\" data-id=\"a30aef7\" data-element_type=\"section\" data-e-type=\"section\">\n\t\t\t\t\t\t<div class=\"elementor-container elementor-column-gap-default\">\n\t\t\t\t\t<div class=\"elementor-column elementor-col-100 elementor-top-column elementor-element elementor-element-d6234bf\" data-id=\"d6234bf\" data-element_type=\"column\" data-e-type=\"column\">\n\t\t\t<div class=\"elementor-widget-wrap elementor-element-populated\">\n\t\t\t\t\t\t<div class=\"elementor-element elementor-element-3951b29 elementor-widget elementor-widget-image\" data-id=\"3951b29\" data-element_type=\"widget\" data-e-type=\"widget\" data-widget_type=\"image.default\">\n\t\t\t\t<div class=\"elementor-widget-container\">\n\t\t\t\t\t\t\t\t\t\t\t\t\t\t\t<img fetchpriority=\"high\" decoding=\"async\" width=\"1400\" height=\"467\" src=\"https:\/\/cba-design.com\/latam\/wp-content\/uploads\/sites\/4\/2023\/04\/CBABG-Insight-RemoteFirst-IMG-02-1400x467.jpg\" class=\"attachment-large size-large wp-image-18381\" alt=\"remote-first\" srcset=\"https:\/\/cba-design.com\/latam\/wp-content\/uploads\/sites\/4\/2023\/04\/CBABG-Insight-RemoteFirst-IMG-02-1400x467.jpg 1400w, https:\/\/cba-design.com\/latam\/wp-content\/uploads\/sites\/4\/2023\/04\/CBABG-Insight-RemoteFirst-IMG-02-1120x373.jpg 1120w, https:\/\/cba-design.com\/latam\/wp-content\/uploads\/sites\/4\/2023\/04\/CBABG-Insight-RemoteFirst-IMG-02-520x173.jpg 520w, https:\/\/cba-design.com\/latam\/wp-content\/uploads\/sites\/4\/2023\/04\/CBABG-Insight-RemoteFirst-IMG-02-768x256.jpg 768w, https:\/\/cba-design.com\/latam\/wp-content\/uploads\/sites\/4\/2023\/04\/CBABG-Insight-RemoteFirst-IMG-02-1536x512.jpg 1536w, https:\/\/cba-design.com\/latam\/wp-content\/uploads\/sites\/4\/2023\/04\/CBABG-Insight-RemoteFirst-IMG-02.jpg 1920w\" sizes=\"(max-width: 1400px) 100vw, 1400px\" title=\"\">\t\t\t\t\t\t\t\t\t\t\t\t\t\t\t<\/div>\n\t\t\t\t<\/div>\n\t\t\t\t\t<\/div>\n\t\t<\/div>\n\t\t\t\t\t<\/div>\n\t\t<\/section>\n\t\t\t\t<section class=\"elementor-section elementor-top-section elementor-element elementor-element-6e7ba86 elementor-section-boxed elementor-section-height-default elementor-section-height-default\" data-id=\"6e7ba86\" data-element_type=\"section\" data-e-type=\"section\">\n\t\t\t\t\t\t<div class=\"elementor-container elementor-column-gap-default\">\n\t\t\t\t\t<div class=\"elementor-column elementor-col-100 elementor-top-column elementor-element elementor-element-157d223\" data-id=\"157d223\" data-element_type=\"column\" data-e-type=\"column\">\n\t\t\t<div class=\"elementor-widget-wrap elementor-element-populated\">\n\t\t\t\t\t\t<div class=\"elementor-element elementor-element-136fefa elementor-widget elementor-widget-heading\" data-id=\"136fefa\" data-element_type=\"widget\" data-e-type=\"widget\" data-widget_type=\"heading.default\">\n\t\t\t\t<div class=\"elementor-widget-container\">\n\t\t\t\t\t<h3 class=\"elementor-heading-title elementor-size-default\">\"No est\u00e1bamos preparados para o modelo remoto.\"<\/h3>\t\t\t\t<\/div>\n\t\t\t\t<\/div>\n\t\t\t\t<div class=\"elementor-element elementor-element-dc296f4 elementor-widget elementor-widget-text-editor\" data-id=\"dc296f4\" data-element_type=\"widget\" data-e-type=\"widget\" data-widget_type=\"text-editor.default\">\n\t\t\t\t<div class=\"elementor-widget-container\">\n\t\t\t\t\t\t\t\t\t<p>Desde 2008, CBA B+G se instal\u00f3 en un antiguo galp\u00f3n en la calle \u00c1lvaro Rodrigues, en Brooklin, San Pablo. El lugar ten\u00eda nuestra cara: un espacio que invitaba a trabajar en equipo, repleto de \u00e1reas verdes y ambientes dise\u00f1ados para colaborar, cocrear y hacer prototipos. Hab\u00edamos logrado crear, a lo largo de los a\u00f1os, un ambiente muy especial, querido y deseado por todos los pasaban por all\u00ed, entre colaboradores, clientes y socios comerciales.\u00a0<\/p><p>En marzo de 2020, la pandemia desembarc\u00f3 en Brasil. Como tantas otras empresas, tuvimos que adaptarnos a la urgencia del trabajo remoto para mantener la seguridad de cada uno de los entonces ochenta colaboradores y empleados. No fue f\u00e1cil, no est\u00e1bamos preparados. Casi nada estaba en la nube, depend\u00edamos de un servidor local y de instrumentos de trabajo f\u00edsicos, pesados e inamovibles. Muchos dise\u00f1adores y profesionales del \u00e1rea de producci\u00f3n tuvieron que llevar sus m\u00e1quinas, en su mayor\u00eda\u00a0 computadoras de escritorio, apresuradamente a sus casas. Junto con las sillas, los adaptadores ergon\u00f3micos, monitores e \u00edtems personales en el equipaje, m\u00e1s all\u00e1 de la pesadilla de la log\u00edstica, salir de nuestro confortable y apasionante galp\u00f3n de forma tan abrupta fue como si nos hubieran arrancado parte de nuestra identidad como CBA B+G.<\/p><p>Entramos en 2021 todav\u00eda con muchas restricciones en la convivencia social, y de esa manera seguimos forzosamente con el modelo remoto. Comenzamos a observar empresas en todo el mundo y de todos los tama\u00f1os que adoptaron de forma permanente el modelo h\u00edbrido o remoto. Entonces nos dimos cuenta de que exist\u00eda un camino sin retorno. Incluso con el fin de la pandemia, la forma de pensar el trabajo y la productividad dentro de las organizaciones nunca m\u00e1s ser\u00eda la misma. Por ello, decidimos adoptar el modelo remote first y despedirnos del espacio que ocup\u00e1bamos, entendiendo que, de todos los escenarios, lo f\u00edsico no se adher\u00eda m\u00e1s a la nueva realidad de las relaciones laborales, y lo h\u00edbrido ser\u00eda una potencial combinaci\u00f3n de lo peor de dos mundos y, siendo ambiguo, impedir\u00eda el cambio cultural que tanto necesit\u00e1bamos.\u00a0 No fue una decisi\u00f3n f\u00e1cil, pero tengo la convicci\u00f3n de que tomamos la decisi\u00f3n correcta, una decisi\u00f3n que contribuy\u00f3 para garantizar la continuidad y el \u00e9xito de nuestra organizaci\u00f3n a largo plazo.<\/p>\t\t\t\t\t\t\t\t<\/div>\n\t\t\t\t<\/div>\n\t\t\t\t\t<\/div>\n\t\t<\/div>\n\t\t\t\t\t<\/div>\n\t\t<\/section>\n\t\t\t\t<section class=\"elementor-section elementor-top-section elementor-element elementor-element-da9e55d elementor-section-boxed elementor-section-height-default elementor-section-height-default\" data-id=\"da9e55d\" data-element_type=\"section\" data-e-type=\"section\">\n\t\t\t\t\t\t<div class=\"elementor-container elementor-column-gap-default\">\n\t\t\t\t\t<div class=\"elementor-column elementor-col-100 elementor-top-column elementor-element elementor-element-af072c0\" data-id=\"af072c0\" data-element_type=\"column\" data-e-type=\"column\">\n\t\t\t<div class=\"elementor-widget-wrap elementor-element-populated\">\n\t\t\t\t\t\t<div class=\"elementor-element elementor-element-430889d elementor-widget elementor-widget-heading\" data-id=\"430889d\" data-element_type=\"widget\" data-e-type=\"widget\" data-widget_type=\"heading.default\">\n\t\t\t\t<div class=\"elementor-widget-container\">\n\t\t\t\t\t<h3 class=\"elementor-heading-title elementor-size-default\">\"Ser remote first obliga a rever las m\u00e9tricas, los comportamientos, la comunicaci\u00f3n y los modelos mentales.\"<\/h3>\t\t\t\t<\/div>\n\t\t\t\t<\/div>\n\t\t\t\t<div class=\"elementor-element elementor-element-5c5d805 elementor-widget elementor-widget-text-editor\" data-id=\"5c5d805\" data-element_type=\"widget\" data-e-type=\"widget\" data-widget_type=\"text-editor.default\">\n\t\t\t\t<div class=\"elementor-widget-container\">\n\t\t\t\t\t\t\t\t\t<p>La cultura remote first no ocurre de la noche a la ma\u00f1ana.\u00a0 Necesita ser construida.\u00a0 En pocos meses, tuvimos que montar una oficina en la nube, adquirir nuevos h\u00e1bitos y herramientas de comunicaci\u00f3n en un ambiente remoto, adquirir habilidades de gesti\u00f3n de proyectos a distancia y crear conexi\u00f3n y confianza sin el espacio f\u00edsico.\u00a0 Para poner eso en pr\u00e1ctica, fue necesario rever nuestras m\u00e9tricas, nuestros comportamientos, nuestra comunicaci\u00f3n y nuestros modelos mentales.\u00a0\u00a0<\/p><ul><li><b>Cambiar las m\u00e9tricas<\/b>: Nuestra cultura empresarial siempre nos ense\u00f1\u00f3 a usar el tiempo como KPI del resultado y de la productividad.\u00a0 Pero la verdad es que pocos empleados trabajan 8 o 9 horas por d\u00eda.\u00a0 Tenemos que invertir energ\u00eda centr\u00e1ndonos en los resultados que queremos lograr, y menos en el tiempo.\u00a0\u00a0<\/li><li><b>Cambiar los comportamientos<\/b>: Tenemos que incitar comportamientos m\u00e1s proactivos, para favorecer la transparencia, la accesibilidad y el intercambio de informaci\u00f3n actualizada y contextualizada.\u00a0 Entendiendo que la colaboraci\u00f3n no es solo a trav\u00e9s de la cocreaci\u00f3n, sino que la documentaci\u00f3n es la base de un ecosistema colaborativo.\u00a0<\/li><li><b>Cambiar la comunicaci\u00f3n<\/b>: El modelo remote first sugiere, que toda comunicaci\u00f3n debe, siempre que sea posible, hacerse de forma asincr\u00f3nica (chats, foros de discusi\u00f3n, videos y correos electr\u00f3nicos), respetando el tiempo de cada uno.\u00a0 La asincron\u00eda eficiente evita interrupciones, y los momentos de urgencia son cada vez m\u00e1s raros.\u00a0 Adem\u00e1s de eso, la documentaci\u00f3n, base de lo asincr\u00f3nico, es liberadora y permite que todos accedan a las discusiones, creando un historial y una inteligencia recuperable para el uso actual y futuro, permitiendo la contextualizaci\u00f3n de nuevas personas en cualquier momento y sustituyendo el monopolio de la informaci\u00f3n individualizada por la idea del legado compartido de la informaci\u00f3n.\u00a0<\/li><li><b>Cambiar el modelo mental<\/b>: la mentalidad remote first est\u00e1 basada en la idea de tener informaci\u00f3n en cualquier momento, en cualquier lugar y de forma transparente.\u00a0 Consider\u00e1ndose el mismo nivel de gesti\u00f3n, las decisiones no podr\u00e1n tomarse sin la participaci\u00f3n o el conocimiento de todos.\u00a0 Y no podr\u00e1 haber m\u00e1s favoritismo en relaci\u00f3n con los que est\u00e1n presentes o en discusiones sincr\u00f3nicas, como videoconferencias, sin que la pauta y las decisiones sean compartidas con sus pares.\u00a0 \u2028<\/li><\/ul>\t\t\t\t\t\t\t\t<\/div>\n\t\t\t\t<\/div>\n\t\t\t\t\t<\/div>\n\t\t<\/div>\n\t\t\t\t\t<\/div>\n\t\t<\/section>\n\t\t\t\t<section class=\"elementor-section elementor-top-section elementor-element elementor-element-7c9447c elementor-section-boxed elementor-section-height-default elementor-section-height-default\" data-id=\"7c9447c\" data-element_type=\"section\" data-e-type=\"section\">\n\t\t\t\t\t\t<div class=\"elementor-container elementor-column-gap-default\">\n\t\t\t\t\t<div class=\"elementor-column elementor-col-100 elementor-top-column elementor-element elementor-element-3ba5aa4\" data-id=\"3ba5aa4\" data-element_type=\"column\" data-e-type=\"column\">\n\t\t\t<div class=\"elementor-widget-wrap elementor-element-populated\">\n\t\t\t\t\t\t<div class=\"elementor-element elementor-element-fd08821 elementor-widget elementor-widget-heading\" data-id=\"fd08821\" data-element_type=\"widget\" data-e-type=\"widget\" data-widget_type=\"heading.default\">\n\t\t\t\t<div class=\"elementor-widget-container\">\n\t\t\t\t\t<h2 class=\"elementor-heading-title elementor-size-default\">El mayor desaf\u00edo cultural: c\u00f3mo mantener viva la conexi\u00f3n emocional entre las personas<\/h2>\t\t\t\t<\/div>\n\t\t\t\t<\/div>\n\t\t\t\t<div class=\"elementor-element elementor-element-9c9cf7b elementor-widget elementor-widget-text-editor\" data-id=\"9c9cf7b\" data-element_type=\"widget\" data-e-type=\"widget\" data-widget_type=\"text-editor.default\">\n\t\t\t\t<div class=\"elementor-widget-container\">\n\t\t\t\t\t\t\t\t\t<p>Adem\u00e1s de los desaf\u00edos estructurales, enfrentamos un desaf\u00edo cultural a\u00fan mayor.\u00a0 Por m\u00e1s que un grupo de personas trabaje muy bien de forma remota, siente la falta de encontrarse fuera de las reuniones, de brindar, de tomar un caf\u00e9 juntos, de cantarle el feliz cumplea\u00f1os a un colega.\u00a0 Eso es inevitable y humano.\u00a0 Entendemos la importancia de mantener viva y alimentar ese tipo de conexi\u00f3n entre las personas, y por eso creamos nuestros Get Together, eventos presenciales cada tres meses, donde el foco est\u00e1 en el intercambio entre las personas.\u00a0 \u00a0Adem\u00e1s de eso, al crear un \u00e1rea fuerte de\u00a0Cultura y Personas\u00a0y reforzar la de Comunicaci\u00f3n, potenciamos la escucha y aumentamos la frecuencia y la calidad de los contenidos orientados al p\u00fablico interno.\u00a0 Para incentivar los encuentros entre equipos que est\u00e1n en la misma ciudad, ponemos a disposici\u00f3n tambi\u00e9n el beneficio de una red de coworking con m\u00e1s de 1600 espacios de trabajo repartidos por todo Brasil.\u00a0 \u2028<\/p>\t\t\t\t\t\t\t\t<\/div>\n\t\t\t\t<\/div>\n\t\t\t\t\t<\/div>\n\t\t<\/div>\n\t\t\t\t\t<\/div>\n\t\t<\/section>\n\t\t\t\t<section class=\"elementor-section elementor-top-section elementor-element elementor-element-3e916b7 elementor-section-boxed elementor-section-height-default elementor-section-height-default\" data-id=\"3e916b7\" data-element_type=\"section\" data-e-type=\"section\">\n\t\t\t\t\t\t<div class=\"elementor-container elementor-column-gap-default\">\n\t\t\t\t\t<div class=\"elementor-column elementor-col-100 elementor-top-column elementor-element elementor-element-ab0b536\" data-id=\"ab0b536\" data-element_type=\"column\" data-e-type=\"column\">\n\t\t\t<div class=\"elementor-widget-wrap elementor-element-populated\">\n\t\t\t\t\t\t<div class=\"elementor-element elementor-element-8ed8de3 elementor-widget elementor-widget-image\" data-id=\"8ed8de3\" data-element_type=\"widget\" data-e-type=\"widget\" data-widget_type=\"image.default\">\n\t\t\t\t<div class=\"elementor-widget-container\">\n\t\t\t\t\t\t\t\t\t\t\t\t\t\t\t<img decoding=\"async\" width=\"1400\" height=\"788\" src=\"https:\/\/cba-design.com\/latam\/wp-content\/uploads\/sites\/4\/2023\/04\/CBABG-Insight-RemoteFirst-IMG-03-1400x788.jpg\" class=\"attachment-large size-large wp-image-18396\" alt=\"remote-first\" srcset=\"https:\/\/cba-design.com\/latam\/wp-content\/uploads\/sites\/4\/2023\/04\/CBABG-Insight-RemoteFirst-IMG-03-1400x788.jpg 1400w, https:\/\/cba-design.com\/latam\/wp-content\/uploads\/sites\/4\/2023\/04\/CBABG-Insight-RemoteFirst-IMG-03-1120x630.jpg 1120w, https:\/\/cba-design.com\/latam\/wp-content\/uploads\/sites\/4\/2023\/04\/CBABG-Insight-RemoteFirst-IMG-03-520x293.jpg 520w, https:\/\/cba-design.com\/latam\/wp-content\/uploads\/sites\/4\/2023\/04\/CBABG-Insight-RemoteFirst-IMG-03-768x432.jpg 768w, https:\/\/cba-design.com\/latam\/wp-content\/uploads\/sites\/4\/2023\/04\/CBABG-Insight-RemoteFirst-IMG-03-1536x864.jpg 1536w, https:\/\/cba-design.com\/latam\/wp-content\/uploads\/sites\/4\/2023\/04\/CBABG-Insight-RemoteFirst-IMG-03.jpg 1920w\" sizes=\"(max-width: 1400px) 100vw, 1400px\" title=\"\">\t\t\t\t\t\t\t\t\t\t\t\t\t\t\t<\/div>\n\t\t\t\t<\/div>\n\t\t\t\t\t<\/div>\n\t\t<\/div>\n\t\t\t\t\t<\/div>\n\t\t<\/section>\n\t\t\t\t<section class=\"elementor-section elementor-top-section elementor-element elementor-element-2d6c758 elementor-section-boxed elementor-section-height-default elementor-section-height-default\" data-id=\"2d6c758\" data-element_type=\"section\" data-e-type=\"section\">\n\t\t\t\t\t\t<div class=\"elementor-container elementor-column-gap-default\">\n\t\t\t\t\t<div class=\"elementor-column elementor-col-100 elementor-top-column elementor-element elementor-element-2a52820\" data-id=\"2a52820\" data-element_type=\"column\" data-e-type=\"column\">\n\t\t\t<div class=\"elementor-widget-wrap elementor-element-populated\">\n\t\t\t\t\t\t<div class=\"elementor-element elementor-element-f1759aa elementor-widget elementor-widget-heading\" data-id=\"f1759aa\" data-element_type=\"widget\" data-e-type=\"widget\" data-widget_type=\"heading.default\">\n\t\t\t\t<div class=\"elementor-widget-container\">\n\t\t\t\t\t<h2 class=\"elementor-heading-title elementor-size-default\">Las ventajas del modelo remote first <\/h2>\t\t\t\t<\/div>\n\t\t\t\t<\/div>\n\t\t\t\t<div class=\"elementor-element elementor-element-dc9471b elementor-widget elementor-widget-text-editor\" data-id=\"dc9471b\" data-element_type=\"widget\" data-e-type=\"widget\" data-widget_type=\"text-editor.default\">\n\t\t\t\t<div class=\"elementor-widget-container\">\n\t\t\t\t\t\t\t\t\t<p>En pocos a\u00f1os, nuestro way-of-working evolucion\u00f3 en dos a\u00f1os el equivalente a una d\u00e9cada.\u00a0 Hoy, veo como los principales cambios positivos:\u00a0\u00a0<\/p><ol><li><b>Mayor calidad productiva<\/b>: datos de nuestras investigaciones internas indican que nuestros colaboradores son m\u00e1s productivos trabajando remotamente, en parte porque tienen m\u00e1s control sobre su ambiente laboral y pueden evitar las distracciones. \u00a0Adem\u00e1s de eso, trabajando en la nube y con las herramientas digitales adecuadas, todos ganan tiempo en la gesti\u00f3n de los proyectos y de la informaci\u00f3n.<\/li><li><b>Mayor capacidad de adaptaci\u00f3n e inclusi\u00f3n<\/b>: hoy, nos adaptamos a las necesidades y a los perfiles de los clientes, y logramos organizar y facilitar un workshop de cocreaci\u00f3n o un panel de consumidores tanto online como de forma presencial, pero siempre con la mentalidad remote first: documentando todo en la nube y dando el mismo nivel de acceso a la informaci\u00f3n y atenci\u00f3n a quien est\u00e1 presente sincr\u00f3nicamente, online o f\u00edsicamente, o asincr\u00f3nicamente a los que no est\u00e1n.<\/li><li><b>Mayor flexibilidad, calidad de vida y econom\u00eda<\/b>: los empleados que trabajan remotamente pueden tener m\u00e1s control sobre su horario laboral y equilibrar mejor sus responsabilidades profesionales y personales. \u00a0A veces, pueden ganar hasta cuatro horas por d\u00eda que habr\u00edan perdido en el tr\u00e1nsito, e incluso ahorran en transporte, alimentaci\u00f3n y otros gastos relacionados con el trabajo.<\/li><li><b>Mayor diversidad<\/b>: el trabajo remoto nos permiti\u00f3 abrir la contrataci\u00f3n a todo el territorio nacional; de San Pablo a Manaos, pasando por Brasilia, R\u00edo de Janeiro y Salvador, los CBA B+G est\u00e1n cada vez m\u00e1s repartidos por el pa\u00eds, garantizando mayor diversidad e inclusi\u00f3n.<\/li><li><b>Menor impacto ambiental<\/b>: el trabajo remoto redujo la necesidad de viajes y traslados, lo que ayud\u00f3 a reducir la emisi\u00f3n de gases de efecto invernadero y otros impactos ambientales negativos y, por lo tanto, a cumplir con nuestras metas ESG hasta 2030.<\/li><\/ol><p>Siento orgullo y convicci\u00f3n por la elecci\u00f3n del modelo operacional que hicimos. \u00a0La CBA B+G de hoy es m\u00e1s \u00e1gil, m\u00e1s diversa y m\u00e1s colectiva que nunca, y a\u00fan tenemos un inmenso potencial de mejora compartida por delante. \u00bf<a href=\"https:\/\/cba-design.com\/latam\/es\/vacantes\/\" target=\"_blank\" rel=\"noopener\">Quieres unirte a nosotros<\/a>? O si quieres trabajar con nosotros en un proyecto, no dudes en\u00a0<a href=\"https:\/\/cba-design.com\/latam\/es\/contacto\/form-contacto\/\" target=\"_blank\" rel=\"noopener\">contactarnos<\/a>.<\/p><p><b style=\"color: var( --e-global-color-primary )\">_<br \/><\/b><b style=\"color: var( --e-global-color-primary )\">Luis Bartolomei<\/b><\/p>\t\t\t\t\t\t\t\t<\/div>\n\t\t\t\t<\/div>\n\t\t\t\t\t<\/div>\n\t\t<\/div>\n\t\t\t\t\t<\/div>\n\t\t<\/section>\n\t\t\t\t<\/div>\n\t\t","protected":false},"excerpt":{"rendered":"<p>Desde agosto de 2021, en CBA B+G somos oficialmente remote first. Mientras muchas empresas est\u00e1n queriendo volver a lo presencial, creemos firmemente que el futuro de las organizaciones exitosas est\u00e1 en adoptar el modelo esencialmente remoto y en su capacidad de adaptarse a los procesos digitales inherentes a esa elecci\u00f3n. &#8220;No est\u00e1bamos preparados para o [&hellip;]<\/p>\n","protected":false},"author":13,"featured_media":0,"comment_status":"closed","ping_status":"closed","sticky":false,"template":"","format":"standard","meta":{"_acf_changed":false,"footnotes":""},"tags":[],"blog_categorie":[472],"class_list":["post-18320","post","type-post","status-publish","format-standard","hentry","blog_categorie-insights"],"acf":[],"lang":"es","translations":{"es":18320,"en":18303,"pt":18290},"pll_sync_post":[],"_links":{"self":[{"href":"https:\/\/cba-design.com\/latam\/wp-json\/wp\/v2\/posts\/18320","targetHints":{"allow":["GET"]}}],"collection":[{"href":"https:\/\/cba-design.com\/latam\/wp-json\/wp\/v2\/posts"}],"about":[{"href":"https:\/\/cba-design.com\/latam\/wp-json\/wp\/v2\/types\/post"}],"author":[{"embeddable":true,"href":"https:\/\/cba-design.com\/latam\/wp-json\/wp\/v2\/users\/13"}],"replies":[{"embeddable":true,"href":"https:\/\/cba-design.com\/latam\/wp-json\/wp\/v2\/comments?post=18320"}],"version-history":[{"count":3,"href":"https:\/\/cba-design.com\/latam\/wp-json\/wp\/v2\/posts\/18320\/revisions"}],"predecessor-version":[{"id":22077,"href":"https:\/\/cba-design.com\/latam\/wp-json\/wp\/v2\/posts\/18320\/revisions\/22077"}],"wp:attachment":[{"href":"https:\/\/cba-design.com\/latam\/wp-json\/wp\/v2\/media?parent=18320"}],"wp:term":[{"taxonomy":"post_tag","embeddable":true,"href":"https:\/\/cba-design.com\/latam\/wp-json\/wp\/v2\/tags?post=18320"},{"taxonomy":"blog_categorie","embeddable":true,"href":"https:\/\/cba-design.com\/latam\/wp-json\/wp\/v2\/blog_categorie?post=18320"}],"curies":[{"name":"wp","href":"https:\/\/api.w.org\/{rel}","templated":true}]}}